{"id":2066,"date":"2023-11-14T10:56:37","date_gmt":"2023-11-14T09:56:37","guid":{"rendered":"https:\/\/joedecke.de\/von-gruenderinnen-fuer-gruenderinnen\/"},"modified":"2025-01-23T19:03:42","modified_gmt":"2025-01-23T18:03:42","slug":"von-gruenderinnen-fuer-gruenderinnen","status":"publish","type":"post","link":"https:\/\/joedecke.de\/en\/von-gruenderinnen-fuer-gruenderinnen\/","title":{"rendered":"Open Space"},"content":{"rendered":"[vc_row type=&#8221;in_container&#8221; full_screen_row_position=&#8221;middle&#8221; column_margin=&#8221;50px&#8221; column_direction=&#8221;default&#8221; column_direction_tablet=&#8221;default&#8221; column_direction_phone=&#8221;default&#8221; scene_position=&#8221;center&#8221; text_color=&#8221;dark&#8221; text_align=&#8221;left&#8221; row_border_radius=&#8221;none&#8221; row_border_radius_applies=&#8221;bg&#8221; overflow=&#8221;visible&#8221; overlay_strength=&#8221;0.3&#8243; gradient_direction=&#8221;left_to_right&#8221; shape_divider_position=&#8221;bottom&#8221; bg_image_animation=&#8221;none&#8221; gradient_type=&#8221;default&#8221; shape_type=&#8221;&#8221;][vc_column column_padding=&#8221;no-extra-padding&#8221; column_padding_tablet=&#8221;inherit&#8221; column_padding_phone=&#8221;inherit&#8221; column_padding_position=&#8221;all&#8221; column_element_direction_desktop=&#8221;default&#8221; column_element_spacing=&#8221;default&#8221; desktop_text_alignment=&#8221;default&#8221; tablet_text_alignment=&#8221;default&#8221; phone_text_alignment=&#8221;default&#8221; sticky_content=&#8221;true&#8221; sticky_content_functionality=&#8221;js&#8221; background_color_opacity=&#8221;1&#8243; background_hover_color_opacity=&#8221;1&#8243; column_backdrop_filter=&#8221;none&#8221; column_shadow=&#8221;none&#8221; column_border_radius=&#8221;none&#8221; column_link_target=&#8221;_self&#8221; column_position=&#8221;default&#8221; gradient_direction=&#8221;left_to_right&#8221; overlay_strength=&#8221;0.3&#8243; width=&#8221;2\/3&#8243; tablet_width_inherit=&#8221;default&#8221; animation_type=&#8221;default&#8221; bg_image_animation=&#8221;none&#8221; border_type=&#8221;simple&#8221; column_border_width=&#8221;none&#8221; column_border_style=&#8221;solid&#8221; column_padding_type=&#8221;default&#8221; gradient_type=&#8221;default&#8221;][vc_column_text text_direction=&#8221;default&#8221;]\n<h1>Open Space<\/h1>\n<h2>von Gr\u00fcnderinnen f\u00fcr Gr\u00fcnderinnen<\/h2>\n<p>In diesem Jahr haben wir erstmals das Open-Space-Format in die Allg\u00e4uer Gr\u00fcnderwochen integriert und damit f\u00fcr frischen Wind gesorgt. Gr\u00fcnder und Start-up Unternehmer k\u00f6nnen sich in einem freien, aber klar strukturierten Format austauschen.<\/p>\n<h3>Das Ziel des Open Space Format<\/h3>\n<p>Der <a href=\"https:\/\/de.wikipedia.org\/wiki\/Open_Space\" target=\"_blank\" rel=\"noopener\">Open Space<\/a> (Oder Barcamp oder Marktplatz) bringt Beteiligte und Interessierte zusammen, um Wissen auszutauschen, voneinander zu lernen und auf Basis von Eigenverantwortung und Freiwilligkeit Themen zu kl\u00e4ren. Es gilt, die richtigen Personen zu den richtigen Themen zusammenzubringen und Raum f\u00fcr Innovation zu \u00f6ffnen.<\/p>\n<h3>Eine Vielfalt von Themen f\u00fcr Gr\u00fcnder und Start-up Unternehmen<\/h3>\n<p>In diesem Fall reichte die Themenpalette <strong>von Gr\u00fcndungen mit gro\u00dfem Kapitalbedarf \u00fcber Vermarktungskonzepte bis hin zur Entwicklung der richtigen Marketingstrategie<\/strong> und rein digitalen Vernetzungsplattformen. Oder die Herausforderung, die richtigen Zielgruppen zu finden und die eigene Marke zu sch\u00e4rfen: Wir haben Konzepte aufgesetzt f\u00fcr Ein-Personen-Unternehmen, die nicht auf eine Marketingabteilung zugreifen k\u00f6nnen und von Wettbewerbern umgeben sind.<\/p>\n<h3>Die Veranstaltung selbst war ein Experiment<\/h3>\n<p>Nur eine Teilnehmerin kannte dieses Format. Da war im Vorfeld etwas Mut n\u00f6tig, denn <strong>beim Open-Space gibt es keine Agenda.<\/strong> Stattdessen bringen die Teilnehmer die Themen vor Ort ein und so wird nur besprochen, was alle bewegt als Gr\u00fcnder und Start-up \u2013 nicht (nur) das, was wenige Organisatoren sich vorher ausdenken. Zu den Themen finden sich ausschlie\u00dflich Personen, die sich wirklich mit den Inhalten auseinandersetzen wollen, der Wechsel zwischen den Sessions ist erlaubt und sogar gew\u00fcnscht.[\/vc_column_text][carousel script=&#8221;flickity&#8221; flickity_formatting=&#8221;default&#8221; desktop_cols_flickity=&#8221;2&#8243; desktop_small_cols_flickity=&#8221;2&#8243; tablet_cols_flickity=&#8221;1&#8243; phone_cols_flickity=&#8221;1&#8243; flickity_controls=&#8221;none&#8221; color=&#8221;accent-color&#8221; flickity_overflow=&#8221;hidden&#8221; flickity_wrap_around=&#8221;wrap&#8221; flickity_spacing=&#8221;default&#8221; flickity_column_vertical_alignment=&#8221;default&#8221; column_padding=&#8221;0&#8243; flickity_element_spacing=&#8221;default&#8221; border_radius=&#8221;none&#8221; autorotate=&#8221;true&#8221; autorotate_type=&#8221;default&#8221;][item simple_slider_bg_image_position=&#8221;default&#8221; simple_slider_overlay_strength=&#8221;0.3&#8243; simple_slider_bg_image_loading=&#8221;default&#8221; id=&#8221;1737655312318-5&#8243; tab_id=&#8221;1737655312318-0&#8243; title=&#8221;Anzahl&#8221;][image_with_animation image_url=&#8221;1421&#8243; image_size=&#8221;full&#8221; animation_type=&#8221;entrance&#8221; animation=&#8221;None&#8221; animation_movement_type=&#8221;transform_y&#8221; hover_animation=&#8221;none&#8221; alignment=&#8221;center&#8221; border_radius=&#8221;none&#8221; box_shadow=&#8221;none&#8221; image_loading=&#8221;default&#8221; max_width=&#8221;100%&#8221; max_width_mobile=&#8221;default&#8221;][\/item][item simple_slider_bg_image_position=&#8221;default&#8221; simple_slider_overlay_strength=&#8221;0.3&#8243; simple_slider_bg_image_loading=&#8221;default&#8221; id=&#8221;1737655312349-4&#8243; tab_id=&#8221;1737655312350-1&#8243; title=&#8221;Anzahl&#8221;][image_with_animation image_url=&#8221;1422&#8243; image_size=&#8221;full&#8221; animation_type=&#8221;entrance&#8221; animation=&#8221;None&#8221; animation_movement_type=&#8221;transform_y&#8221; hover_animation=&#8221;none&#8221; alignment=&#8221;center&#8221; border_radius=&#8221;none&#8221; box_shadow=&#8221;none&#8221; image_loading=&#8221;default&#8221; max_width=&#8221;100%&#8221; max_width_mobile=&#8221;default&#8221;][\/item][item simple_slider_bg_image_position=&#8221;default&#8221; simple_slider_overlay_strength=&#8221;0.3&#8243; simple_slider_bg_image_loading=&#8221;default&#8221; id=&#8221;1737655312368-0&#8243; tab_id=&#8221;1737655312369-7&#8243; title=&#8221;Anzahl&#8221;][image_with_animation image_url=&#8221;1423&#8243; image_size=&#8221;full&#8221; animation_type=&#8221;entrance&#8221; animation=&#8221;None&#8221; animation_movement_type=&#8221;transform_y&#8221; hover_animation=&#8221;none&#8221; alignment=&#8221;center&#8221; border_radius=&#8221;none&#8221; box_shadow=&#8221;none&#8221; image_loading=&#8221;default&#8221; max_width=&#8221;100%&#8221; max_width_mobile=&#8221;default&#8221;][\/item][item simple_slider_bg_image_position=&#8221;default&#8221; simple_slider_overlay_strength=&#8221;0.3&#8243; simple_slider_bg_image_loading=&#8221;default&#8221; title=&#8221;Anzahl&#8221; id=&#8221;1737655312386-0&#8243; tab_id=&#8221;1737655312387-3&#8243;][image_with_animation image_url=&#8221;1424&#8243; image_size=&#8221;full&#8221; animation_type=&#8221;entrance&#8221; animation=&#8221;None&#8221; animation_movement_type=&#8221;transform_y&#8221; hover_animation=&#8221;none&#8221; alignment=&#8221;&#8221; border_radius=&#8221;none&#8221; box_shadow=&#8221;none&#8221; image_loading=&#8221;default&#8221; max_width=&#8221;100%&#8221; max_width_mobile=&#8221;default&#8221;][\/item][\/carousel][vc_column_text css=&#8221;&#8221; text_direction=&#8221;default&#8221;]<strong>Sie wollen wissen, was Ihre Teams wirklich bewegt, wollen <a href=\"https:\/\/joedecke.de\/en\/agile-new-work-consulting\/\">mit einem Open-Space von vagen Absichtserkl\u00e4rungen in die konkrete Umsetzungen kommen<\/a>? <\/strong>Dann buchen Sie einen Termin f\u00fcr ein unverbindliches Gespr\u00e4ch und gemeinsam schauen wir, wie eine Zusammenarbeit aussehen kann.[\/vc_column_text][nectar_btn size=&#8221;jumbo&#8221; constrain_group_2=&#8221;yes&#8221; button_style=&#8221;regular&#8221; button_color_2=&#8221;extra-color-gradient-1&#8243; solid_text_color_override=&#8221;#ffffff&#8221; icon_family=&#8221;none&#8221; el_class=&#8221;shad&#8221; text=&#8221;Termin vereinbaren&#8221; url=&#8221;https:\/\/joedecke.de\/termine\/&#8221; css_animation=&#8221;bounceInUp&#8221;][\/vc_column][vc_column column_padding=&#8221;no-extra-padding&#8221; column_padding_tablet=&#8221;inherit&#8221; column_padding_phone=&#8221;inherit&#8221; column_padding_position=&#8221;all&#8221; column_element_direction_desktop=&#8221;default&#8221; column_element_spacing=&#8221;default&#8221; desktop_text_alignment=&#8221;default&#8221; tablet_text_alignment=&#8221;default&#8221; phone_text_alignment=&#8221;default&#8221; sticky_content=&#8221;true&#8221; sticky_content_functionality=&#8221;js&#8221; background_color_opacity=&#8221;1&#8243; background_hover_color_opacity=&#8221;1&#8243; column_backdrop_filter=&#8221;none&#8221; column_shadow=&#8221;none&#8221; column_border_radius=&#8221;none&#8221; column_link_target=&#8221;_self&#8221; column_position=&#8221;default&#8221; gradient_direction=&#8221;left_to_right&#8221; overlay_strength=&#8221;0.3&#8243; width=&#8221;1\/3&#8243; tablet_width_inherit=&#8221;default&#8221; animation_type=&#8221;default&#8221; bg_image_animation=&#8221;none&#8221; border_type=&#8221;simple&#8221; column_border_width=&#8221;none&#8221; column_border_style=&#8221;solid&#8221; column_padding_type=&#8221;default&#8221; gradient_type=&#8221;default&#8221;][nectar_global_section id=&#8221;2484&#8243;][\/vc_column][\/vc_row]\n","protected":false},"excerpt":{"rendered":"<p>Das Open-Space-Format in der Allg\u00e4uer Gr\u00fcnderwoche \u2013 Wissen austauschen, voneinander lernen und unkompliziert vernetzen.<\/p>\n","protected":false},"author":2,"featured_media":1640,"comment_status":"closed","ping_status":"closed","sticky":false,"template":"","format":"standard","meta":{"footnotes":""},"categories":[1],"tags":[],"class_list":{"0":"post-2066","1":"post","2":"type-post","3":"status-publish","4":"format-standard","5":"has-post-thumbnail","7":"category-unkategorisiert"},"yoast_head":"<!-- This site is optimized with the Yoast SEO Premium plugin v27.5 (Yoast SEO v27.5) - https:\/\/yoast.com\/product\/yoast-seo-premium-wordpress\/ -->\n<title>Open Space: f\u00fcr Gr\u00fcnder und Start-up Unternehmen!<\/title>\n<meta name=\"description\" content=\"Erstmals haben wir das Open-Space-Format in die Allg\u00e4uer Gr\u00fcnderwochen integriert und f\u00fcr Gr\u00fcnder und Start-up f\u00fcr frischen Wind gesorgt.\" \/>\n<meta name=\"robots\" content=\"index, follow, max-snippet:-1, max-image-preview:large, max-video-preview:-1\" \/>\n<link rel=\"canonical\" href=\"https:\/\/joedecke.de\/en\/von-gruenderinnen-fuer-gruenderinnen\/\" \/>\n<meta property=\"og:locale\" content=\"en_US\" \/>\n<meta property=\"og:type\" content=\"article\" \/>\n<meta property=\"og:title\" content=\"Open Space\" \/>\n<meta property=\"og:description\" content=\"Erstmals haben wir das Open-Space-Format in die Allg\u00e4uer Gr\u00fcnderwochen integriert und f\u00fcr Gr\u00fcnder und Start-up f\u00fcr frischen Wind gesorgt.\" \/>\n<meta property=\"og:url\" content=\"https:\/\/joedecke.de\/en\/von-gruenderinnen-fuer-gruenderinnen\/\" \/>\n<meta property=\"og:site_name\" content=\"JOEDECKE\" \/>\n<meta property=\"article:published_time\" content=\"2023-11-14T09:56:37+00:00\" \/>\n<meta property=\"article:modified_time\" content=\"2025-01-23T18:03:42+00:00\" \/>\n<meta property=\"og:image\" content=\"https:\/\/joedecke.de\/wp-content\/uploads\/2024\/02\/Open-Space-KE-7.jpg\" \/>\n\t<meta property=\"og:image:width\" content=\"600\" \/>\n\t<meta property=\"og:image:height\" content=\"450\" \/>\n\t<meta property=\"og:image:type\" content=\"image\/jpeg\" \/>\n<meta name=\"author\" content=\"Alexander Joedecke\" \/>\n<script type=\"application\/ld+json\" class=\"yoast-schema-graph\">{\"@context\":\"https:\\\/\\\/schema.org\",\"@graph\":[{\"@type\":\"Article\",\"@id\":\"https:\\\/\\\/joedecke.de\\\/en\\\/von-gruenderinnen-fuer-gruenderinnen\\\/#article\",\"isPartOf\":{\"@id\":\"https:\\\/\\\/joedecke.de\\\/en\\\/von-gruenderinnen-fuer-gruenderinnen\\\/\"},\"author\":{\"name\":\"Alexander Joedecke\",\"@id\":\"https:\\\/\\\/joedecke.de\\\/en\\\/#\\\/schema\\\/person\\\/795adc7cfa03e65623a26530a7bc8662\"},\"headline\":\"Open Space\",\"datePublished\":\"2023-11-14T09:56:37+00:00\",\"dateModified\":\"2025-01-23T18:03:42+00:00\",\"mainEntityOfPage\":{\"@id\":\"https:\\\/\\\/joedecke.de\\\/en\\\/von-gruenderinnen-fuer-gruenderinnen\\\/\"},\"wordCount\":946,\"publisher\":{\"@id\":\"https:\\\/\\\/joedecke.de\\\/en\\\/#organization\"},\"image\":{\"@id\":\"https:\\\/\\\/joedecke.de\\\/en\\\/von-gruenderinnen-fuer-gruenderinnen\\\/#primaryimage\"},\"thumbnailUrl\":\"https:\\\/\\\/joedecke.de\\\/wp-content\\\/uploads\\\/2024\\\/02\\\/Open-Space-KE-7.jpg\",\"articleSection\":[\"Unkategorisiert\"],\"inLanguage\":\"en-US\"},{\"@type\":\"WebPage\",\"@id\":\"https:\\\/\\\/joedecke.de\\\/en\\\/von-gruenderinnen-fuer-gruenderinnen\\\/\",\"url\":\"https:\\\/\\\/joedecke.de\\\/en\\\/von-gruenderinnen-fuer-gruenderinnen\\\/\",\"name\":\"Open Space: f\u00fcr Gr\u00fcnder und Start-up Unternehmen!\",\"isPartOf\":{\"@id\":\"https:\\\/\\\/joedecke.de\\\/en\\\/#website\"},\"primaryImageOfPage\":{\"@id\":\"https:\\\/\\\/joedecke.de\\\/en\\\/von-gruenderinnen-fuer-gruenderinnen\\\/#primaryimage\"},\"image\":{\"@id\":\"https:\\\/\\\/joedecke.de\\\/en\\\/von-gruenderinnen-fuer-gruenderinnen\\\/#primaryimage\"},\"thumbnailUrl\":\"https:\\\/\\\/joedecke.de\\\/wp-content\\\/uploads\\\/2024\\\/02\\\/Open-Space-KE-7.jpg\",\"datePublished\":\"2023-11-14T09:56:37+00:00\",\"dateModified\":\"2025-01-23T18:03:42+00:00\",\"description\":\"Erstmals haben wir das Open-Space-Format in die Allg\u00e4uer Gr\u00fcnderwochen integriert und f\u00fcr Gr\u00fcnder und Start-up f\u00fcr frischen Wind gesorgt.\",\"breadcrumb\":{\"@id\":\"https:\\\/\\\/joedecke.de\\\/en\\\/von-gruenderinnen-fuer-gruenderinnen\\\/#breadcrumb\"},\"inLanguage\":\"en-US\",\"potentialAction\":[{\"@type\":\"ReadAction\",\"target\":[\"https:\\\/\\\/joedecke.de\\\/en\\\/von-gruenderinnen-fuer-gruenderinnen\\\/\"]}]},{\"@type\":\"ImageObject\",\"inLanguage\":\"en-US\",\"@id\":\"https:\\\/\\\/joedecke.de\\\/en\\\/von-gruenderinnen-fuer-gruenderinnen\\\/#primaryimage\",\"url\":\"https:\\\/\\\/joedecke.de\\\/wp-content\\\/uploads\\\/2024\\\/02\\\/Open-Space-KE-7.jpg\",\"contentUrl\":\"https:\\\/\\\/joedecke.de\\\/wp-content\\\/uploads\\\/2024\\\/02\\\/Open-Space-KE-7.jpg\",\"width\":600,\"height\":450},{\"@type\":\"BreadcrumbList\",\"@id\":\"https:\\\/\\\/joedecke.de\\\/en\\\/von-gruenderinnen-fuer-gruenderinnen\\\/#breadcrumb\",\"itemListElement\":[{\"@type\":\"ListItem\",\"position\":1,\"name\":\"Startseite\",\"item\":\"https:\\\/\\\/joedecke.de\\\/en\\\/\"},{\"@type\":\"ListItem\",\"position\":2,\"name\":\"Open Space\"}]},{\"@type\":\"WebSite\",\"@id\":\"https:\\\/\\\/joedecke.de\\\/en\\\/#website\",\"url\":\"https:\\\/\\\/joedecke.de\\\/en\\\/\",\"name\":\"Joedecke\",\"description\":\"Organisationsberatung und Coaching\",\"publisher\":{\"@id\":\"https:\\\/\\\/joedecke.de\\\/en\\\/#organization\"},\"alternateName\":\"Joecke\",\"potentialAction\":[{\"@type\":\"SearchAction\",\"target\":{\"@type\":\"EntryPoint\",\"urlTemplate\":\"https:\\\/\\\/joedecke.de\\\/en\\\/?s={search_term_string}\"},\"query-input\":{\"@type\":\"PropertyValueSpecification\",\"valueRequired\":true,\"valueName\":\"search_term_string\"}}],\"inLanguage\":\"en-US\"},{\"@type\":\"Organization\",\"@id\":\"https:\\\/\\\/joedecke.de\\\/en\\\/#organization\",\"name\":\"Joedecke Organisationsberatung und Coaching\",\"alternateName\":\"Joedecke\",\"url\":\"https:\\\/\\\/joedecke.de\\\/en\\\/\",\"logo\":{\"@type\":\"ImageObject\",\"inLanguage\":\"en-US\",\"@id\":\"https:\\\/\\\/joedecke.de\\\/en\\\/#\\\/schema\\\/logo\\\/image\\\/\",\"url\":\"https:\\\/\\\/joedecke.de\\\/wp-content\\\/uploads\\\/2024\\\/01\\\/wortbildmarke-tagline.png\",\"contentUrl\":\"https:\\\/\\\/joedecke.de\\\/wp-content\\\/uploads\\\/2024\\\/01\\\/wortbildmarke-tagline.png\",\"width\":800,\"height\":194,\"caption\":\"Joedecke Organisationsberatung und Coaching\"},\"image\":{\"@id\":\"https:\\\/\\\/joedecke.de\\\/en\\\/#\\\/schema\\\/logo\\\/image\\\/\"},\"sameAs\":[\"https:\\\/\\\/de.linkedin.com\\\/company\\\/joedecke-organisationsberatung-coaching\"]},{\"@type\":\"Person\",\"@id\":\"https:\\\/\\\/joedecke.de\\\/en\\\/#\\\/schema\\\/person\\\/795adc7cfa03e65623a26530a7bc8662\",\"name\":\"Alexander Joedecke\"}]}<\/script>\n<!-- \/ Yoast SEO Premium plugin. -->","yoast_head_json":{"title":"Open Space: f\u00fcr Gr\u00fcnder und Start-up Unternehmen!","description":"Erstmals haben wir das Open-Space-Format in die Allg\u00e4uer Gr\u00fcnderwochen integriert und f\u00fcr Gr\u00fcnder und Start-up f\u00fcr frischen Wind gesorgt.","robots":{"index":"index","follow":"follow","max-snippet":"max-snippet:-1","max-image-preview":"max-image-preview:large","max-video-preview":"max-video-preview:-1"},"canonical":"https:\/\/joedecke.de\/en\/von-gruenderinnen-fuer-gruenderinnen\/","og_locale":"en_US","og_type":"article","og_title":"Open Space","og_description":"Erstmals haben wir das Open-Space-Format in die Allg\u00e4uer Gr\u00fcnderwochen integriert und f\u00fcr Gr\u00fcnder und Start-up f\u00fcr frischen Wind gesorgt.","og_url":"https:\/\/joedecke.de\/en\/von-gruenderinnen-fuer-gruenderinnen\/","og_site_name":"JOEDECKE","article_published_time":"2023-11-14T09:56:37+00:00","article_modified_time":"2025-01-23T18:03:42+00:00","og_image":[{"width":600,"height":450,"url":"https:\/\/joedecke.de\/wp-content\/uploads\/2024\/02\/Open-Space-KE-7.jpg","type":"image\/jpeg"}],"author":"Alexander Joedecke","schema":{"@context":"https:\/\/schema.org","@graph":[{"@type":"Article","@id":"https:\/\/joedecke.de\/en\/von-gruenderinnen-fuer-gruenderinnen\/#article","isPartOf":{"@id":"https:\/\/joedecke.de\/en\/von-gruenderinnen-fuer-gruenderinnen\/"},"author":{"name":"Alexander Joedecke","@id":"https:\/\/joedecke.de\/en\/#\/schema\/person\/795adc7cfa03e65623a26530a7bc8662"},"headline":"Open Space","datePublished":"2023-11-14T09:56:37+00:00","dateModified":"2025-01-23T18:03:42+00:00","mainEntityOfPage":{"@id":"https:\/\/joedecke.de\/en\/von-gruenderinnen-fuer-gruenderinnen\/"},"wordCount":946,"publisher":{"@id":"https:\/\/joedecke.de\/en\/#organization"},"image":{"@id":"https:\/\/joedecke.de\/en\/von-gruenderinnen-fuer-gruenderinnen\/#primaryimage"},"thumbnailUrl":"https:\/\/joedecke.de\/wp-content\/uploads\/2024\/02\/Open-Space-KE-7.jpg","articleSection":["Unkategorisiert"],"inLanguage":"en-US"},{"@type":"WebPage","@id":"https:\/\/joedecke.de\/en\/von-gruenderinnen-fuer-gruenderinnen\/","url":"https:\/\/joedecke.de\/en\/von-gruenderinnen-fuer-gruenderinnen\/","name":"Open Space: f\u00fcr Gr\u00fcnder und Start-up Unternehmen!","isPartOf":{"@id":"https:\/\/joedecke.de\/en\/#website"},"primaryImageOfPage":{"@id":"https:\/\/joedecke.de\/en\/von-gruenderinnen-fuer-gruenderinnen\/#primaryimage"},"image":{"@id":"https:\/\/joedecke.de\/en\/von-gruenderinnen-fuer-gruenderinnen\/#primaryimage"},"thumbnailUrl":"https:\/\/joedecke.de\/wp-content\/uploads\/2024\/02\/Open-Space-KE-7.jpg","datePublished":"2023-11-14T09:56:37+00:00","dateModified":"2025-01-23T18:03:42+00:00","description":"Erstmals haben wir das Open-Space-Format in die Allg\u00e4uer Gr\u00fcnderwochen integriert und f\u00fcr Gr\u00fcnder und Start-up f\u00fcr frischen Wind gesorgt.","breadcrumb":{"@id":"https:\/\/joedecke.de\/en\/von-gruenderinnen-fuer-gruenderinnen\/#breadcrumb"},"inLanguage":"en-US","potentialAction":[{"@type":"ReadAction","target":["https:\/\/joedecke.de\/en\/von-gruenderinnen-fuer-gruenderinnen\/"]}]},{"@type":"ImageObject","inLanguage":"en-US","@id":"https:\/\/joedecke.de\/en\/von-gruenderinnen-fuer-gruenderinnen\/#primaryimage","url":"https:\/\/joedecke.de\/wp-content\/uploads\/2024\/02\/Open-Space-KE-7.jpg","contentUrl":"https:\/\/joedecke.de\/wp-content\/uploads\/2024\/02\/Open-Space-KE-7.jpg","width":600,"height":450},{"@type":"BreadcrumbList","@id":"https:\/\/joedecke.de\/en\/von-gruenderinnen-fuer-gruenderinnen\/#breadcrumb","itemListElement":[{"@type":"ListItem","position":1,"name":"Startseite","item":"https:\/\/joedecke.de\/en\/"},{"@type":"ListItem","position":2,"name":"Open Space"}]},{"@type":"WebSite","@id":"https:\/\/joedecke.de\/en\/#website","url":"https:\/\/joedecke.de\/en\/","name":"Joedecke","description":"Organisationsberatung und Coaching","publisher":{"@id":"https:\/\/joedecke.de\/en\/#organization"},"alternateName":"Joecke","potentialAction":[{"@type":"SearchAction","target":{"@type":"EntryPoint","urlTemplate":"https:\/\/joedecke.de\/en\/?s={search_term_string}"},"query-input":{"@type":"PropertyValueSpecification","valueRequired":true,"valueName":"search_term_string"}}],"inLanguage":"en-US"},{"@type":"Organization","@id":"https:\/\/joedecke.de\/en\/#organization","name":"Joedecke Organisationsberatung und Coaching","alternateName":"Joedecke","url":"https:\/\/joedecke.de\/en\/","logo":{"@type":"ImageObject","inLanguage":"en-US","@id":"https:\/\/joedecke.de\/en\/#\/schema\/logo\/image\/","url":"https:\/\/joedecke.de\/wp-content\/uploads\/2024\/01\/wortbildmarke-tagline.png","contentUrl":"https:\/\/joedecke.de\/wp-content\/uploads\/2024\/01\/wortbildmarke-tagline.png","width":800,"height":194,"caption":"Joedecke Organisationsberatung und Coaching"},"image":{"@id":"https:\/\/joedecke.de\/en\/#\/schema\/logo\/image\/"},"sameAs":["https:\/\/de.linkedin.com\/company\/joedecke-organisationsberatung-coaching"]},{"@type":"Person","@id":"https:\/\/joedecke.de\/en\/#\/schema\/person\/795adc7cfa03e65623a26530a7bc8662","name":"Alexander Joedecke"}]}},"_links":{"self":[{"href":"https:\/\/joedecke.de\/en\/wp-json\/wp\/v2\/posts\/2066","targetHints":{"allow":["GET"]}}],"collection":[{"href":"https:\/\/joedecke.de\/en\/wp-json\/wp\/v2\/posts"}],"about":[{"href":"https:\/\/joedecke.de\/en\/wp-json\/wp\/v2\/types\/post"}],"author":[{"embeddable":true,"href":"https:\/\/joedecke.de\/en\/wp-json\/wp\/v2\/users\/2"}],"replies":[{"embeddable":true,"href":"https:\/\/joedecke.de\/en\/wp-json\/wp\/v2\/comments?post=2066"}],"version-history":[{"count":5,"href":"https:\/\/joedecke.de\/en\/wp-json\/wp\/v2\/posts\/2066\/revisions"}],"predecessor-version":[{"id":2750,"href":"https:\/\/joedecke.de\/en\/wp-json\/wp\/v2\/posts\/2066\/revisions\/2750"}],"wp:featuredmedia":[{"embeddable":true,"href":"https:\/\/joedecke.de\/en\/wp-json\/wp\/v2\/media\/1640"}],"wp:attachment":[{"href":"https:\/\/joedecke.de\/en\/wp-json\/wp\/v2\/media?parent=2066"}],"wp:term":[{"taxonomy":"category","embeddable":true,"href":"https:\/\/joedecke.de\/en\/wp-json\/wp\/v2\/categories?post=2066"},{"taxonomy":"post_tag","embeddable":true,"href":"https:\/\/joedecke.de\/en\/wp-json\/wp\/v2\/tags?post=2066"}],"curies":[{"name":"wp","href":"https:\/\/api.w.org\/{rel}","templated":true}]}}